{"id":1387,"date":"2024-07-22T16:43:25","date_gmt":"2024-07-22T16:43:25","guid":{"rendered":"https:\/\/www.mayodarkskypark.ie\/?p=1387"},"modified":"2024-07-22T16:43:29","modified_gmt":"2024-07-22T16:43:29","slug":"treoir-do-speir-dheireadh-an-tsamhraidh-a-guide-to-the-late-summer-sky","status":"publish","type":"post","link":"https:\/\/www.mayodarkskypark.ie\/ga\/news\/treoir-do-speir-dheireadh-an-tsamhraidh-a-guide-to-the-late-summer-sky\/","title":{"rendered":"Treoir do Sp\u00e9ir Dheireadh an tSamhraidh\/ A Guide to the Late-Summer Sky"},"content":{"rendered":"\n<div class=\"wp-block-media-text is-stacked-on-mobile\"><figure class=\"wp-block-media-text__media\"><img loading=\"lazy\" decoding=\"async\" width=\"1024\" height=\"1024\" src=\"https:\/\/www.mayodarkskypark.ie\/wp-content\/uploads\/2024\/07\/Caoimhin_GAE_25Jul24-2-1-1024x1024.jpg\" alt=\"\" class=\"wp-image-1390 size-full\" srcset=\"https:\/\/www.mayodarkskypark.ie\/wp-content\/uploads\/2024\/07\/Caoimhin_GAE_25Jul24-2-1-1024x1024.jpg 1024w, https:\/\/www.mayodarkskypark.ie\/wp-content\/uploads\/2024\/07\/Caoimhin_GAE_25Jul24-2-1-300x300.jpg 300w, https:\/\/www.mayodarkskypark.ie\/wp-content\/uploads\/2024\/07\/Caoimhin_GAE_25Jul24-2-1-150x150.jpg 150w, https:\/\/www.mayodarkskypark.ie\/wp-content\/uploads\/2024\/07\/Caoimhin_GAE_25Jul24-2-1-768x768.jpg 768w, https:\/\/www.mayodarkskypark.ie\/wp-content\/uploads\/2024\/07\/Caoimhin_GAE_25Jul24-2-1.jpg 1080w\" sizes=\"auto, (max-width: 1024px) 100vw, 1024px\" \/><\/figure><div class=\"wp-block-media-text__content\">\n<p>T\u00e1 \u00e1thas orainn f\u00e1ilte a chur roimh Chaoimh\u00edn \u00f3 Caoimh\u00edn\u2019s Content ar ais chun dh\u00e1 she\u00f3 dh\u00e1theangacha r\u00e9alteola\u00edochta (Gaeilge agus B\u00e9arla) a chur i l\u00e1thair don teaghlach ar fad.<\/p>\n\n\n\n<p>Sa chur i l\u00e1thair seo, treor\u00f3idh Caoimh\u00edn tr\u00ed sp\u00e9ir shamhraidh na ho\u00edche th\u00fa \u00f3\u00a0shu\u00edomh f\u00edordhorcha Ph\u00e1irc Sp\u00e9ire Dorcha Mhaigh Eo.\u00a0<\/p>\n\n\n\n<p>Agus an oiread sin le feice\u00e1il sna d\u00e1la\u00ed f\u00edormhaithe sin, m\u00edneoidh Caoimh\u00edn c\u00e9ard at\u00e1 le feice\u00e1il i sp\u00e9ir na ho\u00edche agus conas na cusp\u00f3ir\u00ed r\u00e9alteola\u00edochta is suimi\u00fala a aimsi\u00fa.<\/p>\n\n\n\n<p>T\u00e1 2 she\u00f3 againn in Ionad Cuairteoir\u00ed Bhaile Chruaich ar an 25<sup>\u00fa<\/sup> I\u00fail<\/p>\n\n\n\n<p>Se\u00f3 12pm do gach aoisghr\u00fapa<\/p>\n\n\n\n<p>Se\u00f3 2pm do dhaoine n\u00edos \u00f3ige <\/p>\n\n\n\n<p>Bainfidh Caoimh\u00edn \u00fas\u00e1id as Stellarium d\u00e1 chur i l\u00e1thair; bogearra\u00ed saor in aisce at\u00e1 ar f\u00e1il \u00f3n\u00e1r su\u00edomh gr\u00e9as\u00e1in, \u00e1it a bhfaighidh t\u00fa nasc chuig bogearra\u00ed Stellarium agus \u00edosl\u00f3d\u00e1il saor in aisce le c\u00falra log\u00e1nta den t\u00edrdhreach m\u00f3rthimpeall ar Bhaile Chruaich.<\/p>\n<\/div><\/div>\n\n\n\n<p>Tagann Leath na P\u00e1irce chun Solais sa Dorchadas !<\/p>\n\n\n\n<p><a href=\"http:\/\/www.mayodarkskypark.ie\">www.mayodarkskypark.ie<\/a><\/p>\n\n\n\n<p>www.wildnephinnationalpark.ie<\/p>\n\n\n\n<p>Chun an t-imeacht seo a chur in \u00e1irithe, seol r\u00edomhphost chuig <a href=\"mailto:ballycroyvisitorcentre@npws.gov.ie\">ballycroyvisitorcentre@npws.gov.ie<\/a> n\u00f3 glaoigh ar 098 49888<\/p>\n\n\n\n<hr class=\"wp-block-separator has-alpha-channel-opacity\"\/>\n\n\n\n<div class=\"wp-block-media-text is-stacked-on-mobile\"><figure class=\"wp-block-media-text__media\"><img loading=\"lazy\" decoding=\"async\" width=\"1024\" height=\"1024\" src=\"https:\/\/www.mayodarkskypark.ie\/wp-content\/uploads\/2024\/07\/Caoimhin_ENG_25Jul24-3-1024x1024.jpg\" alt=\"\" class=\"wp-image-1392 size-full\" srcset=\"https:\/\/www.mayodarkskypark.ie\/wp-content\/uploads\/2024\/07\/Caoimhin_ENG_25Jul24-3-1024x1024.jpg 1024w, https:\/\/www.mayodarkskypark.ie\/wp-content\/uploads\/2024\/07\/Caoimhin_ENG_25Jul24-3-300x300.jpg 300w, https:\/\/www.mayodarkskypark.ie\/wp-content\/uploads\/2024\/07\/Caoimhin_ENG_25Jul24-3-150x150.jpg 150w, https:\/\/www.mayodarkskypark.ie\/wp-content\/uploads\/2024\/07\/Caoimhin_ENG_25Jul24-3-768x768.jpg 768w, https:\/\/www.mayodarkskypark.ie\/wp-content\/uploads\/2024\/07\/Caoimhin_ENG_25Jul24-3.jpg 1080w\" sizes=\"auto, (max-width: 1024px) 100vw, 1024px\" \/><\/figure><div class=\"wp-block-media-text__content\">\n<p>A Guide to the Late-Summer Sky<\/p>\n\n\n\n<p>We are delighted to welcome back Caoimh\u00edn of Caoimh\u00edn&#8217;s Content to present two bilingual astronomy shows (Irish and English) for all the family.<\/p>\n\n\n\n<p>In this presentation Caoimh\u00edn will take you through the summer night sky from the wonderfully dark location of the Mayo Dark Sky Park.\u00a0<\/p>\n\n\n\n<p>With so much to see in these pristine conditions, Caoimh\u00edn will explain what you can see in the night sky and how to spot the most interesting astronomical targets.<\/p>\n\n\n\n<p>We have 2 shows at the Ballycroy Visitor Centre on 25<sup>th<\/sup> July<\/p>\n\n\n\n<p>12pm show for all age groups<\/p>\n\n\n\n<p>2pm show for younger folks<\/p>\n\n\n\n<p>Caoimh\u00edn will use Stellarium for his presentations; a free software that is available from our website where you will find a link to the Stellarium software and free download with a localised backdrop of the surrounding landscape of Ballycroy.<\/p>\n<\/div><\/div>\n\n\n\n<p>Half the Park is After Dark !<\/p>\n\n\n\n<p><a href=\"http:\/\/www.mayodarkskypark.ie\">www.mayodarkskypark.ie<\/a><\/p>\n\n\n\n<p>www.wildnephinnationalpark.ie<\/p>\n\n\n\n<p>To book this event, please email <a href=\"mailto:ballycroyvisitorcentre@npws.gov.ie\">ballycroyvisitorcentre@npws.gov.ie<\/a> or call 098 49888<\/p>\n","protected":false},"excerpt":{"rendered":"<p>T\u00e1 \u00e1thas orainn f\u00e1ilte a chur roimh Chaoimh\u00edn \u00f3 Caoimh\u00edn\u2019s Content ar ais chun dh\u00e1 she\u00f3 dh\u00e1theangacha r\u00e9alteola\u00edochta (Gaeilge agus B\u00e9arla) a chur i l\u00e1thair don teaghlach ar fad. Sa chur i l\u00e1thair seo, treor\u00f3idh Caoimh\u00edn tr\u00ed sp\u00e9ir shamhraidh na ho\u00edche th\u00fa \u00f3\u00a0shu\u00edomh f\u00edordhorcha Ph\u00e1irc Sp\u00e9ire Dorcha Mhaigh Eo.\u00a0 Agus an oiread sin le feice\u00e1il [&hellip;]<\/p>\n","protected":false},"author":3,"featured_media":1388,"comment_status":"closed","ping_status":"closed","sticky":false,"template":"","format":"standard","meta":{"_uag_custom_page_level_css":"","site-sidebar-layout":"default","site-content-layout":"","ast-site-content-layout":"default","site-content-style":"default","site-sidebar-style":"default","ast-global-header-display":"","ast-banner-title-visibility":"","ast-main-header-display":"","ast-hfb-above-header-display":"","ast-hfb-below-header-display":"","ast-hfb-mobile-header-display":"","site-post-title":"","ast-breadcrumbs-content":"","ast-featured-img":"","footer-sml-layout":"","ast-disable-related-posts":"","theme-transparent-header-meta":"","adv-header-id-meta":"","stick-header-meta":"","header-above-stick-meta":"","header-main-stick-meta":"","header-below-stick-meta":"","astra-migrate-meta-layouts":"default","ast-page-background-enabled":"default","ast-page-background-meta":{"desktop":{"background-color":"var(--ast-global-color-4)","background-image":"","background-repeat":"repeat","background-position":"center center","background-size":"auto","background-attachment":"scroll","background-type":"","background-media":"","overlay-type":"","overlay-color":"","overlay-opacity":"","overlay-gradient":""},"tablet":{"background-color":"","background-image":"","background-repeat":"repeat","background-position":"center center","background-size":"auto","background-attachment":"scroll","background-type":"","background-media":"","overlay-type":"","overlay-color":"","overlay-opacity":"","overlay-gradient":""},"mobile":{"background-color":"","background-image":"","background-repeat":"repeat","background-position":"center center","background-size":"auto","background-attachment":"scroll","background-type":"","background-media":"","overlay-type":"","overlay-color":"","overlay-opacity":"","overlay-gradient":""}},"ast-content-background-meta":{"desktop":{"background-color":"var(--ast-global-color-5)","background-image":"","background-repeat":"repeat","background-position":"center center","background-size":"auto","background-attachment":"scroll","background-type":"","background-media":"","overlay-type":"","overlay-color":"","overlay-opacity":"","overlay-gradient":""},"tablet":{"background-color":"var(--ast-global-color-5)","background-image":"","background-repeat":"repeat","background-position":"center center","background-size":"auto","background-attachment":"scroll","background-type":"","background-media":"","overlay-type":"","overlay-color":"","overlay-opacity":"","overlay-gradient":""},"mobile":{"background-color":"var(--ast-global-color-5)","background-image":"","background-repeat":"repeat","background-position":"center center","background-size":"auto","background-attachment":"scroll","background-type":"","background-media":"","overlay-type":"","overlay-color":"","overlay-opacity":"","overlay-gradient":""}},"footnotes":""},"categories":[4,1],"tags":[23,22,38,18,16,39],"class_list":["post-1387","post","type-post","status-publish","format-standard","has-post-thumbnail","hentry","category-events","category-news","tag-asgaeilge","tag-astronomytalks","tag-half-the-park-is-after-dark","tag-mayodarkskies","tag-mayodarkskypark","tag-wild-nephin-national-park"],"yoast_head":"<!-- This site is optimized with the Yoast SEO plugin v27.4 - https:\/\/yoast.com\/product\/yoast-seo-wordpress\/ -->\n<title>Treoir do Sp\u00e9ir Dheireadh an tSamhraidh\/ A Guide to the Late-Summer Sky - P\u00e1irc Sp\u00e9ire Dorcha Mhaigh Eo<\/title>\n<meta name=\"robots\" content=\"index, follow, max-snippet:-1, max-image-preview:large, max-video-preview:-1\" \/>\n<link rel=\"canonical\" href=\"https:\/\/www.mayodarkskypark.ie\/news\/treoir-do-speir-dheireadh-an-tsamhraidh-a-guide-to-the-late-summer-sky\/\" \/>\n<meta property=\"og:locale\" content=\"ga_IE\" \/>\n<meta property=\"og:type\" content=\"article\" \/>\n<meta property=\"og:title\" content=\"Treoir do Sp\u00e9ir Dheireadh an tSamhraidh\/ A Guide to the Late-Summer Sky - P\u00e1irc Sp\u00e9ire Dorcha Mhaigh Eo\" \/>\n<meta property=\"og:description\" content=\"T\u00e1 \u00e1thas orainn f\u00e1ilte a chur roimh Chaoimh\u00edn \u00f3 Caoimh\u00edn\u2019s Content ar ais chun dh\u00e1 she\u00f3 dh\u00e1theangacha r\u00e9alteola\u00edochta (Gaeilge agus B\u00e9arla) a chur i l\u00e1thair don teaghlach ar fad. Sa chur i l\u00e1thair seo, treor\u00f3idh Caoimh\u00edn tr\u00ed sp\u00e9ir shamhraidh na ho\u00edche th\u00fa \u00f3\u00a0shu\u00edomh f\u00edordhorcha Ph\u00e1irc Sp\u00e9ire Dorcha Mhaigh Eo.\u00a0 Agus an oiread sin le feice\u00e1il [&hellip;]\" \/>\n<meta property=\"og:url\" content=\"https:\/\/www.mayodarkskypark.ie\/news\/treoir-do-speir-dheireadh-an-tsamhraidh-a-guide-to-the-late-summer-sky\/\" \/>\n<meta property=\"og:site_name\" content=\"P\u00e1irc Sp\u00e9ire Dorcha Mhaigh Eo\" \/>\n<meta property=\"article:publisher\" content=\"https:\/\/www.facebook.com\/mayodarkskies\/\" \/>\n<meta property=\"article:published_time\" content=\"2024-07-22T16:43:25+00:00\" \/>\n<meta property=\"article:modified_time\" content=\"2024-07-22T16:43:29+00:00\" \/>\n<meta property=\"og:image\" content=\"https:\/\/www.mayodarkskypark.ie\/wp-content\/uploads\/2024\/07\/Caoimhin_GAE_25Jul24-2-e1721665801333.jpg\" \/>\n\t<meta property=\"og:image:width\" content=\"400\" \/>\n\t<meta property=\"og:image:height\" content=\"400\" \/>\n\t<meta property=\"og:image:type\" content=\"image\/jpeg\" \/>\n<meta name=\"author\" content=\"Georgia MacMillan\" \/>\n<meta name=\"twitter:card\" content=\"summary_large_image\" \/>\n<meta name=\"twitter:label1\" content=\"Written by\" \/>\n\t<meta name=\"twitter:data1\" content=\"Georgia MacMillan\" \/>\n\t<meta name=\"twitter:label2\" content=\"Est. reading time\" \/>\n\t<meta name=\"twitter:data2\" content=\"3 minutes\" \/>\n<script type=\"application\/ld+json\" class=\"yoast-schema-graph\">{\"@context\":\"https:\\\/\\\/schema.org\",\"@graph\":[{\"@type\":\"Article\",\"@id\":\"https:\\\/\\\/www.mayodarkskypark.ie\\\/news\\\/treoir-do-speir-dheireadh-an-tsamhraidh-a-guide-to-the-late-summer-sky\\\/#article\",\"isPartOf\":{\"@id\":\"https:\\\/\\\/www.mayodarkskypark.ie\\\/news\\\/treoir-do-speir-dheireadh-an-tsamhraidh-a-guide-to-the-late-summer-sky\\\/\"},\"author\":{\"name\":\"Georgia MacMillan\",\"@id\":\"https:\\\/\\\/www.mayodarkskypark.ie\\\/#\\\/schema\\\/person\\\/46c761ab84372cea516d4c6a9ec22510\"},\"headline\":\"Treoir do Sp\u00e9ir Dheireadh an tSamhraidh\\\/ A Guide to the Late-Summer Sky\",\"datePublished\":\"2024-07-22T16:43:25+00:00\",\"dateModified\":\"2024-07-22T16:43:29+00:00\",\"mainEntityOfPage\":{\"@id\":\"https:\\\/\\\/www.mayodarkskypark.ie\\\/news\\\/treoir-do-speir-dheireadh-an-tsamhraidh-a-guide-to-the-late-summer-sky\\\/\"},\"wordCount\":407,\"publisher\":{\"@id\":\"https:\\\/\\\/www.mayodarkskypark.ie\\\/#organization\"},\"image\":{\"@id\":\"https:\\\/\\\/www.mayodarkskypark.ie\\\/news\\\/treoir-do-speir-dheireadh-an-tsamhraidh-a-guide-to-the-late-summer-sky\\\/#primaryimage\"},\"thumbnailUrl\":\"https:\\\/\\\/www.mayodarkskypark.ie\\\/wp-content\\\/uploads\\\/2024\\\/07\\\/Caoimhin_GAE_25Jul24-2-e1721665801333.jpg\",\"keywords\":[\"AsGaeilge\",\"AstronomyTalks\",\"Half the park is After Dark\",\"MayoDarkSkies\",\"Mayodarkskypark\",\"Wild Nephin National Park\"],\"articleSection\":[\"Events\",\"News\"],\"inLanguage\":\"ga-IE\"},{\"@type\":\"WebPage\",\"@id\":\"https:\\\/\\\/www.mayodarkskypark.ie\\\/news\\\/treoir-do-speir-dheireadh-an-tsamhraidh-a-guide-to-the-late-summer-sky\\\/\",\"url\":\"https:\\\/\\\/www.mayodarkskypark.ie\\\/news\\\/treoir-do-speir-dheireadh-an-tsamhraidh-a-guide-to-the-late-summer-sky\\\/\",\"name\":\"Treoir do Sp\u00e9ir Dheireadh an tSamhraidh\\\/ A Guide to the Late-Summer Sky - P\u00e1irc Sp\u00e9ire Dorcha Mhaigh Eo\",\"isPartOf\":{\"@id\":\"https:\\\/\\\/www.mayodarkskypark.ie\\\/#website\"},\"primaryImageOfPage\":{\"@id\":\"https:\\\/\\\/www.mayodarkskypark.ie\\\/news\\\/treoir-do-speir-dheireadh-an-tsamhraidh-a-guide-to-the-late-summer-sky\\\/#primaryimage\"},\"image\":{\"@id\":\"https:\\\/\\\/www.mayodarkskypark.ie\\\/news\\\/treoir-do-speir-dheireadh-an-tsamhraidh-a-guide-to-the-late-summer-sky\\\/#primaryimage\"},\"thumbnailUrl\":\"https:\\\/\\\/www.mayodarkskypark.ie\\\/wp-content\\\/uploads\\\/2024\\\/07\\\/Caoimhin_GAE_25Jul24-2-e1721665801333.jpg\",\"datePublished\":\"2024-07-22T16:43:25+00:00\",\"dateModified\":\"2024-07-22T16:43:29+00:00\",\"breadcrumb\":{\"@id\":\"https:\\\/\\\/www.mayodarkskypark.ie\\\/news\\\/treoir-do-speir-dheireadh-an-tsamhraidh-a-guide-to-the-late-summer-sky\\\/#breadcrumb\"},\"inLanguage\":\"ga-IE\",\"potentialAction\":[{\"@type\":\"ReadAction\",\"target\":[\"https:\\\/\\\/www.mayodarkskypark.ie\\\/news\\\/treoir-do-speir-dheireadh-an-tsamhraidh-a-guide-to-the-late-summer-sky\\\/\"]}]},{\"@type\":\"ImageObject\",\"inLanguage\":\"ga-IE\",\"@id\":\"https:\\\/\\\/www.mayodarkskypark.ie\\\/news\\\/treoir-do-speir-dheireadh-an-tsamhraidh-a-guide-to-the-late-summer-sky\\\/#primaryimage\",\"url\":\"https:\\\/\\\/www.mayodarkskypark.ie\\\/wp-content\\\/uploads\\\/2024\\\/07\\\/Caoimhin_GAE_25Jul24-2-e1721665801333.jpg\",\"contentUrl\":\"https:\\\/\\\/www.mayodarkskypark.ie\\\/wp-content\\\/uploads\\\/2024\\\/07\\\/Caoimhin_GAE_25Jul24-2-e1721665801333.jpg\",\"width\":400,\"height\":400},{\"@type\":\"BreadcrumbList\",\"@id\":\"https:\\\/\\\/www.mayodarkskypark.ie\\\/news\\\/treoir-do-speir-dheireadh-an-tsamhraidh-a-guide-to-the-late-summer-sky\\\/#breadcrumb\",\"itemListElement\":[{\"@type\":\"ListItem\",\"position\":1,\"name\":\"Home\",\"item\":\"https:\\\/\\\/www.mayodarkskypark.ie\\\/ga\\\/\"},{\"@type\":\"ListItem\",\"position\":2,\"name\":\"Treoir do Sp\u00e9ir Dheireadh an tSamhraidh\\\/ A Guide to the Late-Summer Sky\"}]},{\"@type\":\"WebSite\",\"@id\":\"https:\\\/\\\/www.mayodarkskypark.ie\\\/#website\",\"url\":\"https:\\\/\\\/www.mayodarkskypark.ie\\\/\",\"name\":\"Mayo Dark Sky Park\",\"description\":\"International Dark Sky Place of the Year 2024\",\"publisher\":{\"@id\":\"https:\\\/\\\/www.mayodarkskypark.ie\\\/#organization\"},\"potentialAction\":[{\"@type\":\"SearchAction\",\"target\":{\"@type\":\"EntryPoint\",\"urlTemplate\":\"https:\\\/\\\/www.mayodarkskypark.ie\\\/?s={search_term_string}\"},\"query-input\":{\"@type\":\"PropertyValueSpecification\",\"valueRequired\":true,\"valueName\":\"search_term_string\"}}],\"inLanguage\":\"ga-IE\"},{\"@type\":\"Organization\",\"@id\":\"https:\\\/\\\/www.mayodarkskypark.ie\\\/#organization\",\"name\":\"Mayo Dark Sky Park\",\"url\":\"https:\\\/\\\/www.mayodarkskypark.ie\\\/\",\"logo\":{\"@type\":\"ImageObject\",\"inLanguage\":\"ga-IE\",\"@id\":\"https:\\\/\\\/www.mayodarkskypark.ie\\\/#\\\/schema\\\/logo\\\/image\\\/\",\"url\":\"https:\\\/\\\/www.mayodarkskypark.ie\\\/wp-content\\\/uploads\\\/2023\\\/11\\\/mayo-dark-sky-park.png\",\"contentUrl\":\"https:\\\/\\\/www.mayodarkskypark.ie\\\/wp-content\\\/uploads\\\/2023\\\/11\\\/mayo-dark-sky-park.png\",\"width\":246,\"height\":70,\"caption\":\"Mayo Dark Sky Park\"},\"image\":{\"@id\":\"https:\\\/\\\/www.mayodarkskypark.ie\\\/#\\\/schema\\\/logo\\\/image\\\/\"},\"sameAs\":[\"https:\\\/\\\/www.facebook.com\\\/mayodarkskies\\\/\"]},{\"@type\":\"Person\",\"@id\":\"https:\\\/\\\/www.mayodarkskypark.ie\\\/#\\\/schema\\\/person\\\/46c761ab84372cea516d4c6a9ec22510\",\"name\":\"Georgia MacMillan\",\"image\":{\"@type\":\"ImageObject\",\"inLanguage\":\"ga-IE\",\"@id\":\"https:\\\/\\\/secure.gravatar.com\\\/avatar\\\/e57e9e347cb1fe7ba16444d1624a1c4290e376c307f5f2a56e6ae439df126abf?s=96&d=mm&r=g\",\"url\":\"https:\\\/\\\/secure.gravatar.com\\\/avatar\\\/e57e9e347cb1fe7ba16444d1624a1c4290e376c307f5f2a56e6ae439df126abf?s=96&d=mm&r=g\",\"contentUrl\":\"https:\\\/\\\/secure.gravatar.com\\\/avatar\\\/e57e9e347cb1fe7ba16444d1624a1c4290e376c307f5f2a56e6ae439df126abf?s=96&d=mm&r=g\",\"caption\":\"Georgia MacMillan\"},\"url\":\"https:\\\/\\\/www.mayodarkskypark.ie\\\/ga\\\/author\\\/georgia-macmillan\\\/\"}]}<\/script>\n<!-- \/ Yoast SEO plugin. -->","yoast_head_json":{"title":"Treoir do Sp\u00e9ir Dheireadh an tSamhraidh\/ A Guide to the Late-Summer Sky - P\u00e1irc Sp\u00e9ire Dorcha Mhaigh Eo","robots":{"index":"index","follow":"follow","max-snippet":"max-snippet:-1","max-image-preview":"max-image-preview:large","max-video-preview":"max-video-preview:-1"},"canonical":"https:\/\/www.mayodarkskypark.ie\/news\/treoir-do-speir-dheireadh-an-tsamhraidh-a-guide-to-the-late-summer-sky\/","og_locale":"ga_IE","og_type":"article","og_title":"Treoir do Sp\u00e9ir Dheireadh an tSamhraidh\/ A Guide to the Late-Summer Sky - P\u00e1irc Sp\u00e9ire Dorcha Mhaigh Eo","og_description":"T\u00e1 \u00e1thas orainn f\u00e1ilte a chur roimh Chaoimh\u00edn \u00f3 Caoimh\u00edn\u2019s Content ar ais chun dh\u00e1 she\u00f3 dh\u00e1theangacha r\u00e9alteola\u00edochta (Gaeilge agus B\u00e9arla) a chur i l\u00e1thair don teaghlach ar fad. Sa chur i l\u00e1thair seo, treor\u00f3idh Caoimh\u00edn tr\u00ed sp\u00e9ir shamhraidh na ho\u00edche th\u00fa \u00f3\u00a0shu\u00edomh f\u00edordhorcha Ph\u00e1irc Sp\u00e9ire Dorcha Mhaigh Eo.\u00a0 Agus an oiread sin le feice\u00e1il [&hellip;]","og_url":"https:\/\/www.mayodarkskypark.ie\/news\/treoir-do-speir-dheireadh-an-tsamhraidh-a-guide-to-the-late-summer-sky\/","og_site_name":"P\u00e1irc Sp\u00e9ire Dorcha Mhaigh Eo","article_publisher":"https:\/\/www.facebook.com\/mayodarkskies\/","article_published_time":"2024-07-22T16:43:25+00:00","article_modified_time":"2024-07-22T16:43:29+00:00","og_image":[{"width":400,"height":400,"url":"https:\/\/www.mayodarkskypark.ie\/wp-content\/uploads\/2024\/07\/Caoimhin_GAE_25Jul24-2-e1721665801333.jpg","type":"image\/jpeg"}],"author":"Georgia MacMillan","twitter_card":"summary_large_image","twitter_misc":{"Written by":"Georgia MacMillan","Est. reading time":"3 minutes"},"schema":{"@context":"https:\/\/schema.org","@graph":[{"@type":"Article","@id":"https:\/\/www.mayodarkskypark.ie\/news\/treoir-do-speir-dheireadh-an-tsamhraidh-a-guide-to-the-late-summer-sky\/#article","isPartOf":{"@id":"https:\/\/www.mayodarkskypark.ie\/news\/treoir-do-speir-dheireadh-an-tsamhraidh-a-guide-to-the-late-summer-sky\/"},"author":{"name":"Georgia MacMillan","@id":"https:\/\/www.mayodarkskypark.ie\/#\/schema\/person\/46c761ab84372cea516d4c6a9ec22510"},"headline":"Treoir do Sp\u00e9ir Dheireadh an tSamhraidh\/ A Guide to the Late-Summer Sky","datePublished":"2024-07-22T16:43:25+00:00","dateModified":"2024-07-22T16:43:29+00:00","mainEntityOfPage":{"@id":"https:\/\/www.mayodarkskypark.ie\/news\/treoir-do-speir-dheireadh-an-tsamhraidh-a-guide-to-the-late-summer-sky\/"},"wordCount":407,"publisher":{"@id":"https:\/\/www.mayodarkskypark.ie\/#organization"},"image":{"@id":"https:\/\/www.mayodarkskypark.ie\/news\/treoir-do-speir-dheireadh-an-tsamhraidh-a-guide-to-the-late-summer-sky\/#primaryimage"},"thumbnailUrl":"https:\/\/www.mayodarkskypark.ie\/wp-content\/uploads\/2024\/07\/Caoimhin_GAE_25Jul24-2-e1721665801333.jpg","keywords":["AsGaeilge","AstronomyTalks","Half the park is After Dark","MayoDarkSkies","Mayodarkskypark","Wild Nephin National Park"],"articleSection":["Events","News"],"inLanguage":"ga-IE"},{"@type":"WebPage","@id":"https:\/\/www.mayodarkskypark.ie\/news\/treoir-do-speir-dheireadh-an-tsamhraidh-a-guide-to-the-late-summer-sky\/","url":"https:\/\/www.mayodarkskypark.ie\/news\/treoir-do-speir-dheireadh-an-tsamhraidh-a-guide-to-the-late-summer-sky\/","name":"Treoir do Sp\u00e9ir Dheireadh an tSamhraidh\/ A Guide to the Late-Summer Sky - P\u00e1irc Sp\u00e9ire Dorcha Mhaigh Eo","isPartOf":{"@id":"https:\/\/www.mayodarkskypark.ie\/#website"},"primaryImageOfPage":{"@id":"https:\/\/www.mayodarkskypark.ie\/news\/treoir-do-speir-dheireadh-an-tsamhraidh-a-guide-to-the-late-summer-sky\/#primaryimage"},"image":{"@id":"https:\/\/www.mayodarkskypark.ie\/news\/treoir-do-speir-dheireadh-an-tsamhraidh-a-guide-to-the-late-summer-sky\/#primaryimage"},"thumbnailUrl":"https:\/\/www.mayodarkskypark.ie\/wp-content\/uploads\/2024\/07\/Caoimhin_GAE_25Jul24-2-e1721665801333.jpg","datePublished":"2024-07-22T16:43:25+00:00","dateModified":"2024-07-22T16:43:29+00:00","breadcrumb":{"@id":"https:\/\/www.mayodarkskypark.ie\/news\/treoir-do-speir-dheireadh-an-tsamhraidh-a-guide-to-the-late-summer-sky\/#breadcrumb"},"inLanguage":"ga-IE","potentialAction":[{"@type":"ReadAction","target":["https:\/\/www.mayodarkskypark.ie\/news\/treoir-do-speir-dheireadh-an-tsamhraidh-a-guide-to-the-late-summer-sky\/"]}]},{"@type":"ImageObject","inLanguage":"ga-IE","@id":"https:\/\/www.mayodarkskypark.ie\/news\/treoir-do-speir-dheireadh-an-tsamhraidh-a-guide-to-the-late-summer-sky\/#primaryimage","url":"https:\/\/www.mayodarkskypark.ie\/wp-content\/uploads\/2024\/07\/Caoimhin_GAE_25Jul24-2-e1721665801333.jpg","contentUrl":"https:\/\/www.mayodarkskypark.ie\/wp-content\/uploads\/2024\/07\/Caoimhin_GAE_25Jul24-2-e1721665801333.jpg","width":400,"height":400},{"@type":"BreadcrumbList","@id":"https:\/\/www.mayodarkskypark.ie\/news\/treoir-do-speir-dheireadh-an-tsamhraidh-a-guide-to-the-late-summer-sky\/#breadcrumb","itemListElement":[{"@type":"ListItem","position":1,"name":"Home","item":"https:\/\/www.mayodarkskypark.ie\/ga\/"},{"@type":"ListItem","position":2,"name":"Treoir do Sp\u00e9ir Dheireadh an tSamhraidh\/ A Guide to the Late-Summer Sky"}]},{"@type":"WebSite","@id":"https:\/\/www.mayodarkskypark.ie\/#website","url":"https:\/\/www.mayodarkskypark.ie\/","name":"Mayo Dark Sky Park","description":"International Dark Sky Place of the Year 2024","publisher":{"@id":"https:\/\/www.mayodarkskypark.ie\/#organization"},"potentialAction":[{"@type":"SearchAction","target":{"@type":"EntryPoint","urlTemplate":"https:\/\/www.mayodarkskypark.ie\/?s={search_term_string}"},"query-input":{"@type":"PropertyValueSpecification","valueRequired":true,"valueName":"search_term_string"}}],"inLanguage":"ga-IE"},{"@type":"Organization","@id":"https:\/\/www.mayodarkskypark.ie\/#organization","name":"Mayo Dark Sky Park","url":"https:\/\/www.mayodarkskypark.ie\/","logo":{"@type":"ImageObject","inLanguage":"ga-IE","@id":"https:\/\/www.mayodarkskypark.ie\/#\/schema\/logo\/image\/","url":"https:\/\/www.mayodarkskypark.ie\/wp-content\/uploads\/2023\/11\/mayo-dark-sky-park.png","contentUrl":"https:\/\/www.mayodarkskypark.ie\/wp-content\/uploads\/2023\/11\/mayo-dark-sky-park.png","width":246,"height":70,"caption":"Mayo Dark Sky Park"},"image":{"@id":"https:\/\/www.mayodarkskypark.ie\/#\/schema\/logo\/image\/"},"sameAs":["https:\/\/www.facebook.com\/mayodarkskies\/"]},{"@type":"Person","@id":"https:\/\/www.mayodarkskypark.ie\/#\/schema\/person\/46c761ab84372cea516d4c6a9ec22510","name":"Georgia MacMillan","image":{"@type":"ImageObject","inLanguage":"ga-IE","@id":"https:\/\/secure.gravatar.com\/avatar\/e57e9e347cb1fe7ba16444d1624a1c4290e376c307f5f2a56e6ae439df126abf?s=96&d=mm&r=g","url":"https:\/\/secure.gravatar.com\/avatar\/e57e9e347cb1fe7ba16444d1624a1c4290e376c307f5f2a56e6ae439df126abf?s=96&d=mm&r=g","contentUrl":"https:\/\/secure.gravatar.com\/avatar\/e57e9e347cb1fe7ba16444d1624a1c4290e376c307f5f2a56e6ae439df126abf?s=96&d=mm&r=g","caption":"Georgia MacMillan"},"url":"https:\/\/www.mayodarkskypark.ie\/ga\/author\/georgia-macmillan\/"}]}},"spectra_custom_meta":{"_edit_lock":["1721666626:3"],"_wpml_word_count":["{\"total\":369,\"to_translate\":{\"ga\":369}}"],"_thumbnail_id":["1388"],"_edit_last":["3"],"cmplz_hide_cookiebanner":[""],"_wpml_media_duplicate":["1"],"_wpml_media_featured":["1"],"_yoast_wpseo_primary_category":["1"],"_yoast_wpseo_content_score":["30"],"_yoast_wpseo_estimated-reading-time-minutes":["3"],"_tribe_ticket_capacity":["0"],"_tribe_ticket_version":["5.13.2"],"_cmplz_scanned_post":["1"],"_uag_css_file_name":["uag-css-1387.css"],"_uagb_previous_block_counts":["a:90:{s:21:\"uagb\/advanced-heading\";i:0;s:15:\"uagb\/blockquote\";i:0;s:12:\"uagb\/buttons\";i:0;s:18:\"uagb\/buttons-child\";i:0;s:19:\"uagb\/call-to-action\";i:0;s:15:\"uagb\/cf7-styler\";i:0;s:11:\"uagb\/column\";i:0;s:12:\"uagb\/columns\";i:0;s:14:\"uagb\/container\";i:0;s:21:\"uagb\/content-timeline\";i:0;s:27:\"uagb\/content-timeline-child\";i:0;s:14:\"uagb\/countdown\";i:0;s:12:\"uagb\/counter\";i:0;s:8:\"uagb\/faq\";i:0;s:14:\"uagb\/faq-child\";i:0;s:10:\"uagb\/forms\";i:0;s:17:\"uagb\/forms-accept\";i:0;s:19:\"uagb\/forms-checkbox\";i:0;s:15:\"uagb\/forms-date\";i:0;s:16:\"uagb\/forms-email\";i:0;s:17:\"uagb\/forms-hidden\";i:0;s:15:\"uagb\/forms-name\";i:0;s:16:\"uagb\/forms-phone\";i:0;s:16:\"uagb\/forms-radio\";i:0;s:17:\"uagb\/forms-select\";i:0;s:19:\"uagb\/forms-textarea\";i:0;s:17:\"uagb\/forms-toggle\";i:0;s:14:\"uagb\/forms-url\";i:0;s:14:\"uagb\/gf-styler\";i:0;s:15:\"uagb\/google-map\";i:0;s:11:\"uagb\/how-to\";i:0;s:16:\"uagb\/how-to-step\";i:0;s:9:\"uagb\/icon\";i:0;s:14:\"uagb\/icon-list\";i:0;s:20:\"uagb\/icon-list-child\";i:0;s:10:\"uagb\/image\";i:0;s:18:\"uagb\/image-gallery\";i:0;s:13:\"uagb\/info-box\";i:0;s:18:\"uagb\/inline-notice\";i:0;s:11:\"uagb\/lottie\";i:0;s:21:\"uagb\/marketing-button\";i:0;s:10:\"uagb\/modal\";i:0;s:18:\"uagb\/popup-builder\";i:0;s:16:\"uagb\/post-button\";i:0;s:18:\"uagb\/post-carousel\";i:0;s:17:\"uagb\/post-excerpt\";i:0;s:14:\"uagb\/post-grid\";i:0;s:15:\"uagb\/post-image\";i:0;s:17:\"uagb\/post-masonry\";i:0;s:14:\"uagb\/post-meta\";i:0;s:18:\"uagb\/post-taxonomy\";i:0;s:18:\"uagb\/post-timeline\";i:0;s:15:\"uagb\/post-title\";i:0;s:20:\"uagb\/restaurant-menu\";i:0;s:26:\"uagb\/restaurant-menu-child\";i:0;s:11:\"uagb\/review\";i:0;s:12:\"uagb\/section\";i:0;s:14:\"uagb\/separator\";i:0;s:11:\"uagb\/slider\";i:0;s:17:\"uagb\/slider-child\";i:0;s:17:\"uagb\/social-share\";i:0;s:23:\"uagb\/social-share-child\";i:0;s:16:\"uagb\/star-rating\";i:0;s:23:\"uagb\/sure-cart-checkout\";i:0;s:22:\"uagb\/sure-cart-product\";i:0;s:15:\"uagb\/sure-forms\";i:0;s:22:\"uagb\/table-of-contents\";i:0;s:9:\"uagb\/tabs\";i:0;s:15:\"uagb\/tabs-child\";i:0;s:18:\"uagb\/taxonomy-list\";i:0;s:9:\"uagb\/team\";i:0;s:16:\"uagb\/testimonial\";i:0;s:14:\"uagb\/wp-search\";i:0;s:19:\"uagb\/instagram-feed\";i:0;s:10:\"uagb\/login\";i:0;s:17:\"uagb\/loop-builder\";i:0;s:18:\"uagb\/loop-category\";i:0;s:20:\"uagb\/loop-pagination\";i:0;s:15:\"uagb\/loop-reset\";i:0;s:16:\"uagb\/loop-search\";i:0;s:14:\"uagb\/loop-sort\";i:0;s:17:\"uagb\/loop-wrapper\";i:0;s:13:\"uagb\/register\";i:0;s:19:\"uagb\/register-email\";i:0;s:24:\"uagb\/register-first-name\";i:0;s:23:\"uagb\/register-last-name\";i:0;s:22:\"uagb\/register-password\";i:0;s:30:\"uagb\/register-reenter-password\";i:0;s:19:\"uagb\/register-terms\";i:0;s:22:\"uagb\/register-username\";i:0;}"],"_uag_page_assets":["a:9:{s:3:\"css\";s:260:\".uag-blocks-common-selector{z-index:var(--z-index-desktop) !important}@media(max-width: 976px){.uag-blocks-common-selector{z-index:var(--z-index-tablet) !important}}@media(max-width: 767px){.uag-blocks-common-selector{z-index:var(--z-index-mobile) !important}}\";s:2:\"js\";s:0:\"\";s:18:\"current_block_list\";a:10:{i:0;s:15:\"core\/media-text\";i:1;s:14:\"core\/paragraph\";i:2;s:14:\"core\/separator\";i:3;s:10:\"core\/group\";i:4;s:12:\"core\/heading\";i:5;s:12:\"core\/buttons\";i:6;s:11:\"core\/button\";i:8;s:10:\"core\/image\";i:10;s:9:\"core\/html\";i:11;s:11:\"core\/spacer\";}s:8:\"uag_flag\";b:0;s:11:\"uag_version\";s:10:\"1776864362\";s:6:\"gfonts\";a:0:{}s:10:\"gfonts_url\";s:0:\"\";s:12:\"gfonts_files\";a:0:{}s:14:\"uag_faq_layout\";b:0;}"]},"uagb_featured_image_src":{"full":["https:\/\/www.mayodarkskypark.ie\/wp-content\/uploads\/2024\/07\/Caoimhin_GAE_25Jul24-2-e1721665801333.jpg",400,400,false],"thumbnail":["https:\/\/www.mayodarkskypark.ie\/wp-content\/uploads\/2024\/07\/Caoimhin_GAE_25Jul24-2-150x150.jpg",150,150,true],"medium":["https:\/\/www.mayodarkskypark.ie\/wp-content\/uploads\/2024\/07\/Caoimhin_GAE_25Jul24-2-300x300.jpg",300,300,true],"medium_large":["https:\/\/www.mayodarkskypark.ie\/wp-content\/uploads\/2024\/07\/Caoimhin_GAE_25Jul24-2-768x768.jpg",768,768,true],"large":["https:\/\/www.mayodarkskypark.ie\/wp-content\/uploads\/2024\/07\/Caoimhin_GAE_25Jul24-2-1024x1024.jpg",1024,1024,true],"1536x1536":["https:\/\/www.mayodarkskypark.ie\/wp-content\/uploads\/2024\/07\/Caoimhin_GAE_25Jul24-2-e1721665801333.jpg",400,400,false],"2048x2048":["https:\/\/www.mayodarkskypark.ie\/wp-content\/uploads\/2024\/07\/Caoimhin_GAE_25Jul24-2-e1721665801333.jpg",400,400,false]},"uagb_author_info":{"display_name":"Georgia MacMillan","author_link":"https:\/\/www.mayodarkskypark.ie\/ga\/author\/georgia-macmillan\/"},"uagb_comment_info":0,"uagb_excerpt":"T\u00e1 \u00e1thas orainn f\u00e1ilte a chur roimh Chaoimh\u00edn \u00f3 Caoimh\u00edn\u2019s Content ar ais chun dh\u00e1 she\u00f3 dh\u00e1theangacha r\u00e9alteola\u00edochta (Gaeilge agus B\u00e9arla) a chur i l\u00e1thair don teaghlach ar fad. Sa chur i l\u00e1thair seo, treor\u00f3idh Caoimh\u00edn tr\u00ed sp\u00e9ir shamhraidh na ho\u00edche th\u00fa \u00f3\u00a0shu\u00edomh f\u00edordhorcha Ph\u00e1irc Sp\u00e9ire Dorcha Mhaigh Eo.\u00a0 Agus an oiread sin le feice\u00e1il&hellip;","_links":{"self":[{"href":"https:\/\/www.mayodarkskypark.ie\/ga\/wp-json\/wp\/v2\/posts\/1387","targetHints":{"allow":["GET"]}}],"collection":[{"href":"https:\/\/www.mayodarkskypark.ie\/ga\/wp-json\/wp\/v2\/posts"}],"about":[{"href":"https:\/\/www.mayodarkskypark.ie\/ga\/wp-json\/wp\/v2\/types\/post"}],"author":[{"embeddable":true,"href":"https:\/\/www.mayodarkskypark.ie\/ga\/wp-json\/wp\/v2\/users\/3"}],"replies":[{"embeddable":true,"href":"https:\/\/www.mayodarkskypark.ie\/ga\/wp-json\/wp\/v2\/comments?post=1387"}],"version-history":[{"count":1,"href":"https:\/\/www.mayodarkskypark.ie\/ga\/wp-json\/wp\/v2\/posts\/1387\/revisions"}],"predecessor-version":[{"id":1394,"href":"https:\/\/www.mayodarkskypark.ie\/ga\/wp-json\/wp\/v2\/posts\/1387\/revisions\/1394"}],"wp:featuredmedia":[{"embeddable":true,"href":"https:\/\/www.mayodarkskypark.ie\/ga\/wp-json\/wp\/v2\/media\/1388"}],"wp:attachment":[{"href":"https:\/\/www.mayodarkskypark.ie\/ga\/wp-json\/wp\/v2\/media?parent=1387"}],"wp:term":[{"taxonomy":"category","embeddable":true,"href":"https:\/\/www.mayodarkskypark.ie\/ga\/wp-json\/wp\/v2\/categories?post=1387"},{"taxonomy":"post_tag","embeddable":true,"href":"https:\/\/www.mayodarkskypark.ie\/ga\/wp-json\/wp\/v2\/tags?post=1387"}],"curies":[{"name":"wp","href":"https:\/\/api.w.org\/{rel}","templated":true}]}}