{"id":1583,"date":"2024-12-05T10:11:02","date_gmt":"2024-12-05T10:11:02","guid":{"rendered":"https:\/\/www.mayodarkskypark.ie\/?p=1583"},"modified":"2024-12-05T12:21:32","modified_gmt":"2024-12-05T12:21:32","slug":"dark-sky-walks-friday-at-8pm-rsvp-here","status":"publish","type":"post","link":"https:\/\/www.mayodarkskypark.ie\/ga\/events\/dark-sky-walks-friday-at-8pm-rsvp-here\/","title":{"rendered":"Dark Sky Walks (Friday at 8PM)"},"content":{"rendered":"\n<figure class=\"wp-block-image size-large\"><img loading=\"lazy\" decoding=\"async\" width=\"1024\" height=\"1024\" src=\"https:\/\/www.mayodarkskypark.ie\/wp-content\/uploads\/2024\/11\/x-1-1024x1024.png\" alt=\"\" class=\"wp-image-1615\" srcset=\"https:\/\/www.mayodarkskypark.ie\/wp-content\/uploads\/2024\/11\/x-1-1024x1024.png 1024w, https:\/\/www.mayodarkskypark.ie\/wp-content\/uploads\/2024\/11\/x-1-300x300.png 300w, https:\/\/www.mayodarkskypark.ie\/wp-content\/uploads\/2024\/11\/x-1-150x150.png 150w, https:\/\/www.mayodarkskypark.ie\/wp-content\/uploads\/2024\/11\/x-1-768x768.png 768w, https:\/\/www.mayodarkskypark.ie\/wp-content\/uploads\/2024\/11\/x-1.png 1120w\" sizes=\"auto, (max-width: 1024px) 100vw, 1024px\" \/><\/figure>\n\n\n\n<p class=\"has-text-align-center\"><em>Photo by Josh Matthews<\/em><\/p>\n\n\n\n<p>DARK SKY WALKS <img loading=\"lazy\" decoding=\"async\" height=\"16\" width=\"16\" alt=\"\ud83c\udf20\" src=\"https:\/\/static.xx.fbcdn.net\/images\/emoji.php\/v9\/te8\/2\/16\/1f320.png\"><\/p>\n\n\n\n<p>Interested in an enriching outdoor activity for the winter months? From November 8th, Join us for our weekly Dark Sky Walks in P\u00e1irc N\u00e1isi\u00fanta N\u00e9ifinne Fi\u00e1ine- Wild Nephin National Park every Friday starting at 8PM.<\/p>\n\n\n\n<p>The first Friday of each month is held at the Ballycroy Visitor Centre on our T\u00f3char Daith\u00ed B\u00e1n Trail (2km Loop).<\/p>\n\n\n\n<p>The remaining Friday&#8217;s of the month are held at the Letterkeen cottage (Letterkeen, Srahrevagh, Newport, Co.) on the Vary&#8217;s Loop trail (2.5 km loop).<\/p>\n\n\n\n<p>The duration of the walk is approximately 2.5 hours, and walkers should dress accordingly for the time of year and weather.  If conditions allow, we will enjoy some stargazing with a tour of the night sky along the way and a visit to a restored cottage as part of the National Park&#8217;s restoration project. Guides will have torches to use as required, and we operate a torch etiquette policy for the walks.  Visitors may bring their own torches but we kindly ask they are used carefully and with the comfort of other walkers in mind &#8211; red light preferable.  <\/p>\n\n\n\n<p><strong>Walks will only be cancelled for Weather Warnings, Heavy rain forecast or Hazardous road conditions <\/strong><\/p>\n\n\n\n<p><strong>ONLY EXCEPTIONS (No Walk) this season will be December 20th, 27th, and January 3rd.<\/strong><\/p>\n\n\n\n<figure class=\"wp-block-image size-large\"><img loading=\"lazy\" decoding=\"async\" width=\"724\" height=\"1024\" src=\"https:\/\/www.mayodarkskypark.ie\/wp-content\/uploads\/2024\/11\/DarkSkyWalks_20242025-2-724x1024.png\" alt=\"\" class=\"wp-image-1586\" srcset=\"https:\/\/www.mayodarkskypark.ie\/wp-content\/uploads\/2024\/11\/DarkSkyWalks_20242025-2-724x1024.png 724w, https:\/\/www.mayodarkskypark.ie\/wp-content\/uploads\/2024\/11\/DarkSkyWalks_20242025-2-212x300.png 212w, https:\/\/www.mayodarkskypark.ie\/wp-content\/uploads\/2024\/11\/DarkSkyWalks_20242025-2-768x1086.png 768w, https:\/\/www.mayodarkskypark.ie\/wp-content\/uploads\/2024\/11\/DarkSkyWalks_20242025-2-1086x1536.png 1086w, https:\/\/www.mayodarkskypark.ie\/wp-content\/uploads\/2024\/11\/DarkSkyWalks_20242025-2.png 1414w\" sizes=\"auto, (max-width: 724px) 100vw, 724px\" \/><\/figure>\n\n\n\n<p><\/p>\n","protected":false},"excerpt":{"rendered":"<p>Photo by Josh Matthews DARK SKY WALKS Interested in an enriching outdoor activity for the winter months? From November 8th, Join us for our weekly Dark Sky Walks in P\u00e1irc N\u00e1isi\u00fanta N\u00e9ifinne Fi\u00e1ine- Wild Nephin National Park every Friday starting at 8PM. The first Friday of each month is held at the Ballycroy Visitor Centre [&hellip;]<\/p>\n","protected":false},"author":3,"featured_media":1561,"comment_status":"closed","ping_status":"closed","sticky":false,"template":"","format":"standard","meta":{"_uag_custom_page_level_css":"","site-sidebar-layout":"default","site-content-layout":"","ast-site-content-layout":"","site-content-style":"default","site-sidebar-style":"default","ast-global-header-display":"","ast-banner-title-visibility":"","ast-main-header-display":"","ast-hfb-above-header-display":"","ast-hfb-below-header-display":"","ast-hfb-mobile-header-display":"","site-post-title":"","ast-breadcrumbs-content":"","ast-featured-img":"","footer-sml-layout":"","ast-disable-related-posts":"","theme-transparent-header-meta":"","adv-header-id-meta":"","stick-header-meta":"","header-above-stick-meta":"","header-main-stick-meta":"","header-below-stick-meta":"","astra-migrate-meta-layouts":"default","ast-page-background-enabled":"default","ast-page-background-meta":{"desktop":{"background-color":"var(--ast-global-color-4)","background-image":"","background-repeat":"repeat","background-position":"center center","background-size":"auto","background-attachment":"scroll","background-type":"","background-media":"","overlay-type":"","overlay-color":"","overlay-opacity":"","overlay-gradient":""},"tablet":{"background-color":"","background-image":"","background-repeat":"repeat","background-position":"center center","background-size":"auto","background-attachment":"scroll","background-type":"","background-media":"","overlay-type":"","overlay-color":"","overlay-opacity":"","overlay-gradient":""},"mobile":{"background-color":"","background-image":"","background-repeat":"repeat","background-position":"center center","background-size":"auto","background-attachment":"scroll","background-type":"","background-media":"","overlay-type":"","overlay-color":"","overlay-opacity":"","overlay-gradient":""}},"ast-content-background-meta":{"desktop":{"background-color":"var(--ast-global-color-5)","background-image":"","background-repeat":"repeat","background-position":"center center","background-size":"auto","background-attachment":"scroll","background-type":"","background-media":"","overlay-type":"","overlay-color":"","overlay-opacity":"","overlay-gradient":""},"tablet":{"background-color":"var(--ast-global-color-5)","background-image":"","background-repeat":"repeat","background-position":"center center","background-size":"auto","background-attachment":"scroll","background-type":"","background-media":"","overlay-type":"","overlay-color":"","overlay-opacity":"","overlay-gradient":""},"mobile":{"background-color":"var(--ast-global-color-5)","background-image":"","background-repeat":"repeat","background-position":"center center","background-size":"auto","background-attachment":"scroll","background-type":"","background-media":"","overlay-type":"","overlay-color":"","overlay-opacity":"","overlay-gradient":""}},"footnotes":""},"categories":[4,1],"tags":[33,87,38,41,18,16,54,39],"class_list":["post-1583","post","type-post","status-publish","format-standard","has-post-thumbnail","hentry","category-events","category-news","tag-ballycroyvisitorcentre","tag-dark-sky-ecology","tag-half-the-park-is-after-dark","tag-mayo-dark-sky-park","tag-mayodarkskies","tag-mayodarkskypark","tag-we-love-dark-skies","tag-wild-nephin-national-park"],"yoast_head":"<!-- This site is optimized with the Yoast SEO plugin v27.4 - https:\/\/yoast.com\/product\/yoast-seo-wordpress\/ -->\n<title>Dark Sky Walks (Friday at 8PM) - P\u00e1irc Sp\u00e9ire Dorcha Mhaigh Eo<\/title>\n<meta name=\"description\" content=\"Interested in an enriching outdoor activity for the winter months? From November 8th, Join us for our weekly Dark Sky Walks in P\u00e1irc N\u00e1isi\u00fanta N\u00e9ifinne Fi\u00e1ine- Wild Nephin National Park every Friday starting at 8PM.The first Friday of each month is held at the Ballycroy Visitor Centre on our T\u00f3char Daith\u00ed B\u00e1n Trail (2km Loop).The remaining Friday&#039;s of the month are held at the Letterkeen cottage (Letterkeen, Srahrevagh, Newport, Co.) on the Vary&#039;s Loop trail (2.5 km loop).The duration of the walk is approximately 2.5 hours, and walkers should dress accordingly for the weather conditions.If weather permits, stargazing will be possible along the way.The ONLY EXCEPTIONS (No Walk) this season will be December 20th, 27th, and January 3rd.\" \/>\n<meta name=\"robots\" content=\"index, follow, max-snippet:-1, max-image-preview:large, max-video-preview:-1\" \/>\n<link rel=\"canonical\" href=\"https:\/\/www.mayodarkskypark.ie\/news\/dark-sky-walks-friday-at-8pm-rsvp-here\/\" \/>\n<meta property=\"og:locale\" content=\"ga_IE\" \/>\n<meta property=\"og:type\" content=\"article\" \/>\n<meta property=\"og:title\" content=\"Dark Sky Walks (Friday at 8PM) - P\u00e1irc Sp\u00e9ire Dorcha Mhaigh Eo\" \/>\n<meta property=\"og:description\" content=\"Interested in an enriching outdoor activity for the winter months? From November 8th, Join us for our weekly Dark Sky Walks in P\u00e1irc N\u00e1isi\u00fanta N\u00e9ifinne Fi\u00e1ine- Wild Nephin National Park every Friday starting at 8PM.The first Friday of each month is held at the Ballycroy Visitor Centre on our T\u00f3char Daith\u00ed B\u00e1n Trail (2km Loop).The remaining Friday&#039;s of the month are held at the Letterkeen cottage (Letterkeen, Srahrevagh, Newport, Co.) on the Vary&#039;s Loop trail (2.5 km loop).The duration of the walk is approximately 2.5 hours, and walkers should dress accordingly for the weather conditions.If weather permits, stargazing will be possible along the way.The ONLY EXCEPTIONS (No Walk) this season will be December 20th, 27th, and January 3rd.\" \/>\n<meta property=\"og:url\" content=\"https:\/\/www.mayodarkskypark.ie\/news\/dark-sky-walks-friday-at-8pm-rsvp-here\/\" \/>\n<meta property=\"og:site_name\" content=\"P\u00e1irc Sp\u00e9ire Dorcha Mhaigh Eo\" \/>\n<meta property=\"article:publisher\" content=\"https:\/\/www.facebook.com\/mayodarkskies\/\" \/>\n<meta property=\"article:published_time\" content=\"2024-12-05T10:11:02+00:00\" \/>\n<meta property=\"article:modified_time\" content=\"2024-12-05T12:21:32+00:00\" \/>\n<meta property=\"og:image\" content=\"https:\/\/www.mayodarkskypark.ie\/wp-content\/uploads\/2024\/11\/Zodiac-scaled.jpg\" \/>\n\t<meta property=\"og:image:width\" content=\"2560\" \/>\n\t<meta property=\"og:image:height\" content=\"1709\" \/>\n\t<meta property=\"og:image:type\" content=\"image\/jpeg\" \/>\n<meta name=\"author\" content=\"Georgia MacMillan\" \/>\n<meta name=\"twitter:card\" content=\"summary_large_image\" \/>\n<meta name=\"twitter:label1\" content=\"Written by\" \/>\n\t<meta name=\"twitter:data1\" content=\"Georgia MacMillan\" \/>\n\t<meta name=\"twitter:label2\" content=\"Est. reading time\" \/>\n\t<meta name=\"twitter:data2\" content=\"2 minutes\" \/>\n<script type=\"application\/ld+json\" class=\"yoast-schema-graph\">{\"@context\":\"https:\\\/\\\/schema.org\",\"@graph\":[{\"@type\":\"Article\",\"@id\":\"https:\\\/\\\/www.mayodarkskypark.ie\\\/news\\\/dark-sky-walks-friday-at-8pm-rsvp-here\\\/#article\",\"isPartOf\":{\"@id\":\"https:\\\/\\\/www.mayodarkskypark.ie\\\/news\\\/dark-sky-walks-friday-at-8pm-rsvp-here\\\/\"},\"author\":{\"name\":\"Georgia MacMillan\",\"@id\":\"https:\\\/\\\/www.mayodarkskypark.ie\\\/#\\\/schema\\\/person\\\/46c761ab84372cea516d4c6a9ec22510\"},\"headline\":\"Dark Sky Walks (Friday at 8PM)\",\"datePublished\":\"2024-12-05T10:11:02+00:00\",\"dateModified\":\"2024-12-05T12:21:32+00:00\",\"mainEntityOfPage\":{\"@id\":\"https:\\\/\\\/www.mayodarkskypark.ie\\\/news\\\/dark-sky-walks-friday-at-8pm-rsvp-here\\\/\"},\"wordCount\":229,\"publisher\":{\"@id\":\"https:\\\/\\\/www.mayodarkskypark.ie\\\/#organization\"},\"image\":{\"@id\":\"https:\\\/\\\/www.mayodarkskypark.ie\\\/news\\\/dark-sky-walks-friday-at-8pm-rsvp-here\\\/#primaryimage\"},\"thumbnailUrl\":\"https:\\\/\\\/www.mayodarkskypark.ie\\\/wp-content\\\/uploads\\\/2024\\\/11\\\/Zodiac-scaled.jpg\",\"keywords\":[\"BallycroyVisitorCentre\",\"Dark Sky Ecology\",\"Half the park is After Dark\",\"Mayo Dark Sky Park\",\"MayoDarkSkies\",\"Mayodarkskypark\",\"We Love Dark Skies\",\"Wild Nephin National Park\"],\"articleSection\":[\"Events\",\"News\"],\"inLanguage\":\"ga-IE\"},{\"@type\":\"WebPage\",\"@id\":\"https:\\\/\\\/www.mayodarkskypark.ie\\\/news\\\/dark-sky-walks-friday-at-8pm-rsvp-here\\\/\",\"url\":\"https:\\\/\\\/www.mayodarkskypark.ie\\\/news\\\/dark-sky-walks-friday-at-8pm-rsvp-here\\\/\",\"name\":\"Dark Sky Walks (Friday at 8PM) - P\u00e1irc Sp\u00e9ire Dorcha Mhaigh Eo\",\"isPartOf\":{\"@id\":\"https:\\\/\\\/www.mayodarkskypark.ie\\\/#website\"},\"primaryImageOfPage\":{\"@id\":\"https:\\\/\\\/www.mayodarkskypark.ie\\\/news\\\/dark-sky-walks-friday-at-8pm-rsvp-here\\\/#primaryimage\"},\"image\":{\"@id\":\"https:\\\/\\\/www.mayodarkskypark.ie\\\/news\\\/dark-sky-walks-friday-at-8pm-rsvp-here\\\/#primaryimage\"},\"thumbnailUrl\":\"https:\\\/\\\/www.mayodarkskypark.ie\\\/wp-content\\\/uploads\\\/2024\\\/11\\\/Zodiac-scaled.jpg\",\"datePublished\":\"2024-12-05T10:11:02+00:00\",\"dateModified\":\"2024-12-05T12:21:32+00:00\",\"description\":\"Interested in an enriching outdoor activity for the winter months? From November 8th, Join us for our weekly Dark Sky Walks in P\u00e1irc N\u00e1isi\u00fanta N\u00e9ifinne Fi\u00e1ine- Wild Nephin National Park every Friday starting at 8PM.The first Friday of each month is held at the Ballycroy Visitor Centre on our T\u00f3char Daith\u00ed B\u00e1n Trail (2km Loop).The remaining Friday's of the month are held at the Letterkeen cottage (Letterkeen, Srahrevagh, Newport, Co.) on the Vary's Loop trail (2.5 km loop).The duration of the walk is approximately 2.5 hours, and walkers should dress accordingly for the weather conditions.If weather permits, stargazing will be possible along the way.The ONLY EXCEPTIONS (No Walk) this season will be December 20th, 27th, and January 3rd.\",\"breadcrumb\":{\"@id\":\"https:\\\/\\\/www.mayodarkskypark.ie\\\/news\\\/dark-sky-walks-friday-at-8pm-rsvp-here\\\/#breadcrumb\"},\"inLanguage\":\"ga-IE\",\"potentialAction\":[{\"@type\":\"ReadAction\",\"target\":[\"https:\\\/\\\/www.mayodarkskypark.ie\\\/news\\\/dark-sky-walks-friday-at-8pm-rsvp-here\\\/\"]}]},{\"@type\":\"ImageObject\",\"inLanguage\":\"ga-IE\",\"@id\":\"https:\\\/\\\/www.mayodarkskypark.ie\\\/news\\\/dark-sky-walks-friday-at-8pm-rsvp-here\\\/#primaryimage\",\"url\":\"https:\\\/\\\/www.mayodarkskypark.ie\\\/wp-content\\\/uploads\\\/2024\\\/11\\\/Zodiac-scaled.jpg\",\"contentUrl\":\"https:\\\/\\\/www.mayodarkskypark.ie\\\/wp-content\\\/uploads\\\/2024\\\/11\\\/Zodiac-scaled.jpg\",\"width\":2560,\"height\":1709,\"caption\":\"Zodiacal Light at Letterkeen bothy - Photo by Brian Wilson\"},{\"@type\":\"BreadcrumbList\",\"@id\":\"https:\\\/\\\/www.mayodarkskypark.ie\\\/news\\\/dark-sky-walks-friday-at-8pm-rsvp-here\\\/#breadcrumb\",\"itemListElement\":[{\"@type\":\"ListItem\",\"position\":1,\"name\":\"Home\",\"item\":\"https:\\\/\\\/www.mayodarkskypark.ie\\\/ga\\\/\"},{\"@type\":\"ListItem\",\"position\":2,\"name\":\"Dark Sky Walks (Friday at 8PM)\"}]},{\"@type\":\"WebSite\",\"@id\":\"https:\\\/\\\/www.mayodarkskypark.ie\\\/#website\",\"url\":\"https:\\\/\\\/www.mayodarkskypark.ie\\\/\",\"name\":\"Mayo Dark Sky Park\",\"description\":\"International Dark Sky Place of the Year 2024\",\"publisher\":{\"@id\":\"https:\\\/\\\/www.mayodarkskypark.ie\\\/#organization\"},\"potentialAction\":[{\"@type\":\"SearchAction\",\"target\":{\"@type\":\"EntryPoint\",\"urlTemplate\":\"https:\\\/\\\/www.mayodarkskypark.ie\\\/?s={search_term_string}\"},\"query-input\":{\"@type\":\"PropertyValueSpecification\",\"valueRequired\":true,\"valueName\":\"search_term_string\"}}],\"inLanguage\":\"ga-IE\"},{\"@type\":\"Organization\",\"@id\":\"https:\\\/\\\/www.mayodarkskypark.ie\\\/#organization\",\"name\":\"Mayo Dark Sky Park\",\"url\":\"https:\\\/\\\/www.mayodarkskypark.ie\\\/\",\"logo\":{\"@type\":\"ImageObject\",\"inLanguage\":\"ga-IE\",\"@id\":\"https:\\\/\\\/www.mayodarkskypark.ie\\\/#\\\/schema\\\/logo\\\/image\\\/\",\"url\":\"https:\\\/\\\/www.mayodarkskypark.ie\\\/wp-content\\\/uploads\\\/2023\\\/11\\\/mayo-dark-sky-park.png\",\"contentUrl\":\"https:\\\/\\\/www.mayodarkskypark.ie\\\/wp-content\\\/uploads\\\/2023\\\/11\\\/mayo-dark-sky-park.png\",\"width\":246,\"height\":70,\"caption\":\"Mayo Dark Sky Park\"},\"image\":{\"@id\":\"https:\\\/\\\/www.mayodarkskypark.ie\\\/#\\\/schema\\\/logo\\\/image\\\/\"},\"sameAs\":[\"https:\\\/\\\/www.facebook.com\\\/mayodarkskies\\\/\"]},{\"@type\":\"Person\",\"@id\":\"https:\\\/\\\/www.mayodarkskypark.ie\\\/#\\\/schema\\\/person\\\/46c761ab84372cea516d4c6a9ec22510\",\"name\":\"Georgia MacMillan\",\"image\":{\"@type\":\"ImageObject\",\"inLanguage\":\"ga-IE\",\"@id\":\"https:\\\/\\\/secure.gravatar.com\\\/avatar\\\/e57e9e347cb1fe7ba16444d1624a1c4290e376c307f5f2a56e6ae439df126abf?s=96&d=mm&r=g\",\"url\":\"https:\\\/\\\/secure.gravatar.com\\\/avatar\\\/e57e9e347cb1fe7ba16444d1624a1c4290e376c307f5f2a56e6ae439df126abf?s=96&d=mm&r=g\",\"contentUrl\":\"https:\\\/\\\/secure.gravatar.com\\\/avatar\\\/e57e9e347cb1fe7ba16444d1624a1c4290e376c307f5f2a56e6ae439df126abf?s=96&d=mm&r=g\",\"caption\":\"Georgia MacMillan\"},\"url\":\"https:\\\/\\\/www.mayodarkskypark.ie\\\/ga\\\/author\\\/georgia-macmillan\\\/\"}]}<\/script>\n<!-- \/ Yoast SEO plugin. -->","yoast_head_json":{"title":"Dark Sky Walks (Friday at 8PM) - P\u00e1irc Sp\u00e9ire Dorcha Mhaigh Eo","description":"Interested in an enriching outdoor activity for the winter months? From November 8th, Join us for our weekly Dark Sky Walks in P\u00e1irc N\u00e1isi\u00fanta N\u00e9ifinne Fi\u00e1ine- Wild Nephin National Park every Friday starting at 8PM.The first Friday of each month is held at the Ballycroy Visitor Centre on our T\u00f3char Daith\u00ed B\u00e1n Trail (2km Loop).The remaining Friday's of the month are held at the Letterkeen cottage (Letterkeen, Srahrevagh, Newport, Co.) on the Vary's Loop trail (2.5 km loop).The duration of the walk is approximately 2.5 hours, and walkers should dress accordingly for the weather conditions.If weather permits, stargazing will be possible along the way.The ONLY EXCEPTIONS (No Walk) this season will be December 20th, 27th, and January 3rd.","robots":{"index":"index","follow":"follow","max-snippet":"max-snippet:-1","max-image-preview":"max-image-preview:large","max-video-preview":"max-video-preview:-1"},"canonical":"https:\/\/www.mayodarkskypark.ie\/news\/dark-sky-walks-friday-at-8pm-rsvp-here\/","og_locale":"ga_IE","og_type":"article","og_title":"Dark Sky Walks (Friday at 8PM) - P\u00e1irc Sp\u00e9ire Dorcha Mhaigh Eo","og_description":"Interested in an enriching outdoor activity for the winter months? From November 8th, Join us for our weekly Dark Sky Walks in P\u00e1irc N\u00e1isi\u00fanta N\u00e9ifinne Fi\u00e1ine- Wild Nephin National Park every Friday starting at 8PM.The first Friday of each month is held at the Ballycroy Visitor Centre on our T\u00f3char Daith\u00ed B\u00e1n Trail (2km Loop).The remaining Friday's of the month are held at the Letterkeen cottage (Letterkeen, Srahrevagh, Newport, Co.) on the Vary's Loop trail (2.5 km loop).The duration of the walk is approximately 2.5 hours, and walkers should dress accordingly for the weather conditions.If weather permits, stargazing will be possible along the way.The ONLY EXCEPTIONS (No Walk) this season will be December 20th, 27th, and January 3rd.","og_url":"https:\/\/www.mayodarkskypark.ie\/news\/dark-sky-walks-friday-at-8pm-rsvp-here\/","og_site_name":"P\u00e1irc Sp\u00e9ire Dorcha Mhaigh Eo","article_publisher":"https:\/\/www.facebook.com\/mayodarkskies\/","article_published_time":"2024-12-05T10:11:02+00:00","article_modified_time":"2024-12-05T12:21:32+00:00","og_image":[{"width":2560,"height":1709,"url":"https:\/\/www.mayodarkskypark.ie\/wp-content\/uploads\/2024\/11\/Zodiac-scaled.jpg","type":"image\/jpeg"}],"author":"Georgia MacMillan","twitter_card":"summary_large_image","twitter_misc":{"Written by":"Georgia MacMillan","Est. reading time":"2 minutes"},"schema":{"@context":"https:\/\/schema.org","@graph":[{"@type":"Article","@id":"https:\/\/www.mayodarkskypark.ie\/news\/dark-sky-walks-friday-at-8pm-rsvp-here\/#article","isPartOf":{"@id":"https:\/\/www.mayodarkskypark.ie\/news\/dark-sky-walks-friday-at-8pm-rsvp-here\/"},"author":{"name":"Georgia MacMillan","@id":"https:\/\/www.mayodarkskypark.ie\/#\/schema\/person\/46c761ab84372cea516d4c6a9ec22510"},"headline":"Dark Sky Walks (Friday at 8PM)","datePublished":"2024-12-05T10:11:02+00:00","dateModified":"2024-12-05T12:21:32+00:00","mainEntityOfPage":{"@id":"https:\/\/www.mayodarkskypark.ie\/news\/dark-sky-walks-friday-at-8pm-rsvp-here\/"},"wordCount":229,"publisher":{"@id":"https:\/\/www.mayodarkskypark.ie\/#organization"},"image":{"@id":"https:\/\/www.mayodarkskypark.ie\/news\/dark-sky-walks-friday-at-8pm-rsvp-here\/#primaryimage"},"thumbnailUrl":"https:\/\/www.mayodarkskypark.ie\/wp-content\/uploads\/2024\/11\/Zodiac-scaled.jpg","keywords":["BallycroyVisitorCentre","Dark Sky Ecology","Half the park is After Dark","Mayo Dark Sky Park","MayoDarkSkies","Mayodarkskypark","We Love Dark Skies","Wild Nephin National Park"],"articleSection":["Events","News"],"inLanguage":"ga-IE"},{"@type":"WebPage","@id":"https:\/\/www.mayodarkskypark.ie\/news\/dark-sky-walks-friday-at-8pm-rsvp-here\/","url":"https:\/\/www.mayodarkskypark.ie\/news\/dark-sky-walks-friday-at-8pm-rsvp-here\/","name":"Dark Sky Walks (Friday at 8PM) - P\u00e1irc Sp\u00e9ire Dorcha Mhaigh Eo","isPartOf":{"@id":"https:\/\/www.mayodarkskypark.ie\/#website"},"primaryImageOfPage":{"@id":"https:\/\/www.mayodarkskypark.ie\/news\/dark-sky-walks-friday-at-8pm-rsvp-here\/#primaryimage"},"image":{"@id":"https:\/\/www.mayodarkskypark.ie\/news\/dark-sky-walks-friday-at-8pm-rsvp-here\/#primaryimage"},"thumbnailUrl":"https:\/\/www.mayodarkskypark.ie\/wp-content\/uploads\/2024\/11\/Zodiac-scaled.jpg","datePublished":"2024-12-05T10:11:02+00:00","dateModified":"2024-12-05T12:21:32+00:00","description":"Interested in an enriching outdoor activity for the winter months? From November 8th, Join us for our weekly Dark Sky Walks in P\u00e1irc N\u00e1isi\u00fanta N\u00e9ifinne Fi\u00e1ine- Wild Nephin National Park every Friday starting at 8PM.The first Friday of each month is held at the Ballycroy Visitor Centre on our T\u00f3char Daith\u00ed B\u00e1n Trail (2km Loop).The remaining Friday's of the month are held at the Letterkeen cottage (Letterkeen, Srahrevagh, Newport, Co.) on the Vary's Loop trail (2.5 km loop).The duration of the walk is approximately 2.5 hours, and walkers should dress accordingly for the weather conditions.If weather permits, stargazing will be possible along the way.The ONLY EXCEPTIONS (No Walk) this season will be December 20th, 27th, and January 3rd.","breadcrumb":{"@id":"https:\/\/www.mayodarkskypark.ie\/news\/dark-sky-walks-friday-at-8pm-rsvp-here\/#breadcrumb"},"inLanguage":"ga-IE","potentialAction":[{"@type":"ReadAction","target":["https:\/\/www.mayodarkskypark.ie\/news\/dark-sky-walks-friday-at-8pm-rsvp-here\/"]}]},{"@type":"ImageObject","inLanguage":"ga-IE","@id":"https:\/\/www.mayodarkskypark.ie\/news\/dark-sky-walks-friday-at-8pm-rsvp-here\/#primaryimage","url":"https:\/\/www.mayodarkskypark.ie\/wp-content\/uploads\/2024\/11\/Zodiac-scaled.jpg","contentUrl":"https:\/\/www.mayodarkskypark.ie\/wp-content\/uploads\/2024\/11\/Zodiac-scaled.jpg","width":2560,"height":1709,"caption":"Zodiacal Light at Letterkeen bothy - Photo by Brian Wilson"},{"@type":"BreadcrumbList","@id":"https:\/\/www.mayodarkskypark.ie\/news\/dark-sky-walks-friday-at-8pm-rsvp-here\/#breadcrumb","itemListElement":[{"@type":"ListItem","position":1,"name":"Home","item":"https:\/\/www.mayodarkskypark.ie\/ga\/"},{"@type":"ListItem","position":2,"name":"Dark Sky Walks (Friday at 8PM)"}]},{"@type":"WebSite","@id":"https:\/\/www.mayodarkskypark.ie\/#website","url":"https:\/\/www.mayodarkskypark.ie\/","name":"Mayo Dark Sky Park","description":"International Dark Sky Place of the Year 2024","publisher":{"@id":"https:\/\/www.mayodarkskypark.ie\/#organization"},"potentialAction":[{"@type":"SearchAction","target":{"@type":"EntryPoint","urlTemplate":"https:\/\/www.mayodarkskypark.ie\/?s={search_term_string}"},"query-input":{"@type":"PropertyValueSpecification","valueRequired":true,"valueName":"search_term_string"}}],"inLanguage":"ga-IE"},{"@type":"Organization","@id":"https:\/\/www.mayodarkskypark.ie\/#organization","name":"Mayo Dark Sky Park","url":"https:\/\/www.mayodarkskypark.ie\/","logo":{"@type":"ImageObject","inLanguage":"ga-IE","@id":"https:\/\/www.mayodarkskypark.ie\/#\/schema\/logo\/image\/","url":"https:\/\/www.mayodarkskypark.ie\/wp-content\/uploads\/2023\/11\/mayo-dark-sky-park.png","contentUrl":"https:\/\/www.mayodarkskypark.ie\/wp-content\/uploads\/2023\/11\/mayo-dark-sky-park.png","width":246,"height":70,"caption":"Mayo Dark Sky Park"},"image":{"@id":"https:\/\/www.mayodarkskypark.ie\/#\/schema\/logo\/image\/"},"sameAs":["https:\/\/www.facebook.com\/mayodarkskies\/"]},{"@type":"Person","@id":"https:\/\/www.mayodarkskypark.ie\/#\/schema\/person\/46c761ab84372cea516d4c6a9ec22510","name":"Georgia MacMillan","image":{"@type":"ImageObject","inLanguage":"ga-IE","@id":"https:\/\/secure.gravatar.com\/avatar\/e57e9e347cb1fe7ba16444d1624a1c4290e376c307f5f2a56e6ae439df126abf?s=96&d=mm&r=g","url":"https:\/\/secure.gravatar.com\/avatar\/e57e9e347cb1fe7ba16444d1624a1c4290e376c307f5f2a56e6ae439df126abf?s=96&d=mm&r=g","contentUrl":"https:\/\/secure.gravatar.com\/avatar\/e57e9e347cb1fe7ba16444d1624a1c4290e376c307f5f2a56e6ae439df126abf?s=96&d=mm&r=g","caption":"Georgia MacMillan"},"url":"https:\/\/www.mayodarkskypark.ie\/ga\/author\/georgia-macmillan\/"}]}},"spectra_custom_meta":{"_tribe_hide_attendees_list":["0"],"_tribe_ticket_capacity":[""],"_tribe_ticket_version":["5.16.1"],"_edit_lock":["1744282007:2"],"_wpml_word_count":["{\"total\":363,\"to_translate\":{\"ga\":363}}"],"_thumbnail_id":["1561"],"_edit_last":["3"],"cmplz_hide_cookiebanner":[""],"_wpml_media_duplicate":["1"],"_wpml_media_featured":["1"],"_yoast_wpseo_primary_category":["4"],"_yoast_wpseo_focuskw":["Dark Sky Walk"],"_yoast_wpseo_metadesc":["Interested in an enriching outdoor activity for the winter months? From November 8th, Join us for our weekly Dark Sky Walks in P\u00e1irc N\u00e1isi\u00fanta N\u00e9ifinne Fi\u00e1ine- Wild Nephin National Park every Friday starting at 8PM.The first Friday of each month is held at the Ballycroy Visitor Centre on our T\u00f3char Daith\u00ed B\u00e1n Trail (2km Loop).The remaining Friday's of the month are held at the Letterkeen cottage (Letterkeen, Srahrevagh, Newport, Co.) on the Vary's Loop trail (2.5 km loop).The duration of the walk is approximately 2.5 hours, and walkers should dress accordingly for the weather conditions.If weather permits, stargazing will be possible along the way.The ONLY EXCEPTIONS (No Walk) this season will be December 20th, 27th, and January 3rd."],"_yoast_wpseo_linkdex":["53"],"_yoast_wpseo_content_score":["30"],"_yoast_wpseo_estimated-reading-time-minutes":["2"],"_tribe_post_root":["DSWFA8RH-1-"],"_tribe_progressive_ticket_current_number":["2"],"_wpml_location_migration_done":["1"],"_cmplz_scanned_post":["1"],"footnotes":[""],"site-sidebar-layout":["default"],"site-content-layout":[""],"ast-site-content-layout":[""],"site-content-style":["default"],"site-sidebar-style":["default"],"ast-global-header-display":[""],"ast-banner-title-visibility":[""],"ast-main-header-display":[""],"ast-hfb-above-header-display":[""],"ast-hfb-below-header-display":[""],"ast-hfb-mobile-header-display":[""],"site-post-title":[""],"ast-breadcrumbs-content":[""],"ast-featured-img":[""],"footer-sml-layout":[""],"theme-transparent-header-meta":[""],"adv-header-id-meta":[""],"stick-header-meta":[""],"header-above-stick-meta":[""],"header-main-stick-meta":[""],"header-below-stick-meta":[""],"astra-migrate-meta-layouts":["default"],"ast-page-background-enabled":["default"],"ast-page-background-meta":["a:3:{s:7:\"desktop\";a:12:{s:16:\"background-color\";s:25:\"var(--ast-global-color-4)\";s:16:\"background-image\";s:0:\"\";s:17:\"background-repeat\";s:6:\"repeat\";s:19:\"background-position\";s:13:\"center center\";s:15:\"background-size\";s:4:\"auto\";s:21:\"background-attachment\";s:6:\"scroll\";s:15:\"background-type\";s:0:\"\";s:16:\"background-media\";s:0:\"\";s:12:\"overlay-type\";s:0:\"\";s:13:\"overlay-color\";s:0:\"\";s:15:\"overlay-opacity\";s:0:\"\";s:16:\"overlay-gradient\";s:0:\"\";}s:6:\"tablet\";a:12:{s:16:\"background-color\";s:0:\"\";s:16:\"background-image\";s:0:\"\";s:17:\"background-repeat\";s:6:\"repeat\";s:19:\"background-position\";s:13:\"center center\";s:15:\"background-size\";s:4:\"auto\";s:21:\"background-attachment\";s:6:\"scroll\";s:15:\"background-type\";s:0:\"\";s:16:\"background-media\";s:0:\"\";s:12:\"overlay-type\";s:0:\"\";s:13:\"overlay-color\";s:0:\"\";s:15:\"overlay-opacity\";s:0:\"\";s:16:\"overlay-gradient\";s:0:\"\";}s:6:\"mobile\";a:12:{s:16:\"background-color\";s:0:\"\";s:16:\"background-image\";s:0:\"\";s:17:\"background-repeat\";s:6:\"repeat\";s:19:\"background-position\";s:13:\"center center\";s:15:\"background-size\";s:4:\"auto\";s:21:\"background-attachment\";s:6:\"scroll\";s:15:\"background-type\";s:0:\"\";s:16:\"background-media\";s:0:\"\";s:12:\"overlay-type\";s:0:\"\";s:13:\"overlay-color\";s:0:\"\";s:15:\"overlay-opacity\";s:0:\"\";s:16:\"overlay-gradient\";s:0:\"\";}}"],"ast-content-background-meta":["a:3:{s:7:\"desktop\";a:12:{s:16:\"background-color\";s:25:\"var(--ast-global-color-5)\";s:16:\"background-image\";s:0:\"\";s:17:\"background-repeat\";s:6:\"repeat\";s:19:\"background-position\";s:13:\"center center\";s:15:\"background-size\";s:4:\"auto\";s:21:\"background-attachment\";s:6:\"scroll\";s:15:\"background-type\";s:0:\"\";s:16:\"background-media\";s:0:\"\";s:12:\"overlay-type\";s:0:\"\";s:13:\"overlay-color\";s:0:\"\";s:15:\"overlay-opacity\";s:0:\"\";s:16:\"overlay-gradient\";s:0:\"\";}s:6:\"tablet\";a:12:{s:16:\"background-color\";s:25:\"var(--ast-global-color-5)\";s:16:\"background-image\";s:0:\"\";s:17:\"background-repeat\";s:6:\"repeat\";s:19:\"background-position\";s:13:\"center center\";s:15:\"background-size\";s:4:\"auto\";s:21:\"background-attachment\";s:6:\"scroll\";s:15:\"background-type\";s:0:\"\";s:16:\"background-media\";s:0:\"\";s:12:\"overlay-type\";s:0:\"\";s:13:\"overlay-color\";s:0:\"\";s:15:\"overlay-opacity\";s:0:\"\";s:16:\"overlay-gradient\";s:0:\"\";}s:6:\"mobile\";a:12:{s:16:\"background-color\";s:25:\"var(--ast-global-color-5)\";s:16:\"background-image\";s:0:\"\";s:17:\"background-repeat\";s:6:\"repeat\";s:19:\"background-position\";s:13:\"center center\";s:15:\"background-size\";s:4:\"auto\";s:21:\"background-attachment\";s:6:\"scroll\";s:15:\"background-type\";s:0:\"\";s:16:\"background-media\";s:0:\"\";s:12:\"overlay-type\";s:0:\"\";s:13:\"overlay-color\";s:0:\"\";s:15:\"overlay-opacity\";s:0:\"\";s:16:\"overlay-gradient\";s:0:\"\";}}"],"_price":[""],"_stock":[""],"_tribe_ticket_header":[""],"_tribe_default_ticket_provider":[""],"_ticket_start_date":[""],"_ticket_end_date":[""],"_tribe_ticket_show_description":[""],"_tribe_ticket_show_not_going":[""],"_tribe_rsvp_for_event":[""],"_tec_slr_enabled":[""],"_tec_slr_layout":[""],"_wp_old_date":["2024-11-19"],"_uag_css_file_name":["uag-css-1583.css"],"_uagb_previous_block_counts":["a:90:{s:21:\"uagb\/advanced-heading\";i:0;s:15:\"uagb\/blockquote\";i:0;s:12:\"uagb\/buttons\";i:0;s:18:\"uagb\/buttons-child\";i:0;s:19:\"uagb\/call-to-action\";i:0;s:15:\"uagb\/cf7-styler\";i:0;s:11:\"uagb\/column\";i:0;s:12:\"uagb\/columns\";i:0;s:14:\"uagb\/container\";i:0;s:21:\"uagb\/content-timeline\";i:0;s:27:\"uagb\/content-timeline-child\";i:0;s:14:\"uagb\/countdown\";i:0;s:12:\"uagb\/counter\";i:0;s:8:\"uagb\/faq\";i:0;s:14:\"uagb\/faq-child\";i:0;s:10:\"uagb\/forms\";i:0;s:17:\"uagb\/forms-accept\";i:0;s:19:\"uagb\/forms-checkbox\";i:0;s:15:\"uagb\/forms-date\";i:0;s:16:\"uagb\/forms-email\";i:0;s:17:\"uagb\/forms-hidden\";i:0;s:15:\"uagb\/forms-name\";i:0;s:16:\"uagb\/forms-phone\";i:0;s:16:\"uagb\/forms-radio\";i:0;s:17:\"uagb\/forms-select\";i:0;s:19:\"uagb\/forms-textarea\";i:0;s:17:\"uagb\/forms-toggle\";i:0;s:14:\"uagb\/forms-url\";i:0;s:14:\"uagb\/gf-styler\";i:0;s:15:\"uagb\/google-map\";i:0;s:11:\"uagb\/how-to\";i:0;s:16:\"uagb\/how-to-step\";i:0;s:9:\"uagb\/icon\";i:0;s:14:\"uagb\/icon-list\";i:0;s:20:\"uagb\/icon-list-child\";i:0;s:10:\"uagb\/image\";i:0;s:18:\"uagb\/image-gallery\";i:0;s:13:\"uagb\/info-box\";i:0;s:18:\"uagb\/inline-notice\";i:0;s:11:\"uagb\/lottie\";i:0;s:21:\"uagb\/marketing-button\";i:0;s:10:\"uagb\/modal\";i:0;s:18:\"uagb\/popup-builder\";i:0;s:16:\"uagb\/post-button\";i:0;s:18:\"uagb\/post-carousel\";i:0;s:17:\"uagb\/post-excerpt\";i:0;s:14:\"uagb\/post-grid\";i:0;s:15:\"uagb\/post-image\";i:0;s:17:\"uagb\/post-masonry\";i:0;s:14:\"uagb\/post-meta\";i:0;s:18:\"uagb\/post-taxonomy\";i:0;s:18:\"uagb\/post-timeline\";i:0;s:15:\"uagb\/post-title\";i:0;s:20:\"uagb\/restaurant-menu\";i:0;s:26:\"uagb\/restaurant-menu-child\";i:0;s:11:\"uagb\/review\";i:0;s:12:\"uagb\/section\";i:0;s:14:\"uagb\/separator\";i:0;s:11:\"uagb\/slider\";i:0;s:17:\"uagb\/slider-child\";i:0;s:17:\"uagb\/social-share\";i:0;s:23:\"uagb\/social-share-child\";i:0;s:16:\"uagb\/star-rating\";i:0;s:23:\"uagb\/sure-cart-checkout\";i:0;s:22:\"uagb\/sure-cart-product\";i:0;s:15:\"uagb\/sure-forms\";i:0;s:22:\"uagb\/table-of-contents\";i:0;s:9:\"uagb\/tabs\";i:0;s:15:\"uagb\/tabs-child\";i:0;s:18:\"uagb\/taxonomy-list\";i:0;s:9:\"uagb\/team\";i:0;s:16:\"uagb\/testimonial\";i:0;s:14:\"uagb\/wp-search\";i:0;s:19:\"uagb\/instagram-feed\";i:0;s:10:\"uagb\/login\";i:0;s:17:\"uagb\/loop-builder\";i:0;s:18:\"uagb\/loop-category\";i:0;s:20:\"uagb\/loop-pagination\";i:0;s:15:\"uagb\/loop-reset\";i:0;s:16:\"uagb\/loop-search\";i:0;s:14:\"uagb\/loop-sort\";i:0;s:17:\"uagb\/loop-wrapper\";i:0;s:13:\"uagb\/register\";i:0;s:19:\"uagb\/register-email\";i:0;s:24:\"uagb\/register-first-name\";i:0;s:23:\"uagb\/register-last-name\";i:0;s:22:\"uagb\/register-password\";i:0;s:30:\"uagb\/register-reenter-password\";i:0;s:19:\"uagb\/register-terms\";i:0;s:22:\"uagb\/register-username\";i:0;}"],"_uag_page_assets":["a:9:{s:3:\"css\";s:260:\".uag-blocks-common-selector{z-index:var(--z-index-desktop) !important}@media(max-width: 976px){.uag-blocks-common-selector{z-index:var(--z-index-tablet) !important}}@media(max-width: 767px){.uag-blocks-common-selector{z-index:var(--z-index-mobile) !important}}\";s:2:\"js\";s:0:\"\";s:18:\"current_block_list\";a:8:{i:0;s:10:\"core\/image\";i:1;s:14:\"core\/paragraph\";i:2;s:10:\"core\/group\";i:3;s:12:\"core\/heading\";i:4;s:12:\"core\/buttons\";i:5;s:11:\"core\/button\";i:7;s:9:\"core\/html\";i:8;s:11:\"core\/spacer\";}s:8:\"uag_flag\";b:0;s:11:\"uag_version\";s:10:\"1776864362\";s:6:\"gfonts\";a:0:{}s:10:\"gfonts_url\";s:0:\"\";s:12:\"gfonts_files\";a:0:{}s:14:\"uag_faq_layout\";b:0;}"]},"uagb_featured_image_src":{"full":["https:\/\/www.mayodarkskypark.ie\/wp-content\/uploads\/2024\/11\/Zodiac-scaled.jpg",2560,1709,false],"thumbnail":["https:\/\/www.mayodarkskypark.ie\/wp-content\/uploads\/2024\/11\/Zodiac-150x150.jpg",150,150,true],"medium":["https:\/\/www.mayodarkskypark.ie\/wp-content\/uploads\/2024\/11\/Zodiac-300x200.jpg",300,200,true],"medium_large":["https:\/\/www.mayodarkskypark.ie\/wp-content\/uploads\/2024\/11\/Zodiac-768x513.jpg",768,513,true],"large":["https:\/\/www.mayodarkskypark.ie\/wp-content\/uploads\/2024\/11\/Zodiac-1024x683.jpg",1024,683,true],"1536x1536":["https:\/\/www.mayodarkskypark.ie\/wp-content\/uploads\/2024\/11\/Zodiac-1536x1025.jpg",1536,1025,true],"2048x2048":["https:\/\/www.mayodarkskypark.ie\/wp-content\/uploads\/2024\/11\/Zodiac-2048x1367.jpg",2048,1367,true]},"uagb_author_info":{"display_name":"Georgia MacMillan","author_link":"https:\/\/www.mayodarkskypark.ie\/ga\/author\/georgia-macmillan\/"},"uagb_comment_info":0,"uagb_excerpt":"Photo by Josh Matthews DARK SKY WALKS Interested in an enriching outdoor activity for the winter months? From November 8th, Join us for our weekly Dark Sky Walks in P\u00e1irc N\u00e1isi\u00fanta N\u00e9ifinne Fi\u00e1ine- Wild Nephin National Park every Friday starting at 8PM. The first Friday of each month is held at the Ballycroy Visitor Centre&hellip;","_links":{"self":[{"href":"https:\/\/www.mayodarkskypark.ie\/ga\/wp-json\/wp\/v2\/posts\/1583","targetHints":{"allow":["GET"]}}],"collection":[{"href":"https:\/\/www.mayodarkskypark.ie\/ga\/wp-json\/wp\/v2\/posts"}],"about":[{"href":"https:\/\/www.mayodarkskypark.ie\/ga\/wp-json\/wp\/v2\/types\/post"}],"author":[{"embeddable":true,"href":"https:\/\/www.mayodarkskypark.ie\/ga\/wp-json\/wp\/v2\/users\/3"}],"replies":[{"embeddable":true,"href":"https:\/\/www.mayodarkskypark.ie\/ga\/wp-json\/wp\/v2\/comments?post=1583"}],"version-history":[{"count":6,"href":"https:\/\/www.mayodarkskypark.ie\/ga\/wp-json\/wp\/v2\/posts\/1583\/revisions"}],"predecessor-version":[{"id":1623,"href":"https:\/\/www.mayodarkskypark.ie\/ga\/wp-json\/wp\/v2\/posts\/1583\/revisions\/1623"}],"wp:featuredmedia":[{"embeddable":true,"href":"https:\/\/www.mayodarkskypark.ie\/ga\/wp-json\/wp\/v2\/media\/1561"}],"wp:attachment":[{"href":"https:\/\/www.mayodarkskypark.ie\/ga\/wp-json\/wp\/v2\/media?parent=1583"}],"wp:term":[{"taxonomy":"category","embeddable":true,"href":"https:\/\/www.mayodarkskypark.ie\/ga\/wp-json\/wp\/v2\/categories?post=1583"},{"taxonomy":"post_tag","embeddable":true,"href":"https:\/\/www.mayodarkskypark.ie\/ga\/wp-json\/wp\/v2\/tags?post=1583"}],"curies":[{"name":"wp","href":"https:\/\/api.w.org\/{rel}","templated":true}]}}